{"id":1009,"date":"2016-02-08T09:29:15","date_gmt":"2016-02-08T08:29:15","guid":{"rendered":"http:\/\/evs-eu.org\/en\/?p=1009"},"modified":"2016-02-08T09:29:43","modified_gmt":"2016-02-08T08:29:43","slug":"sitzung-fachbeirat-am-22-januar-2016","status":"publish","type":"post","link":"https:\/\/evs-eu.org\/en\/sitzung-fachbeirat-am-22-januar-2016\/","title":{"rendered":"Sitzung Fachbeirat am 22. Januar 2016"},"content":{"rendered":"<p style=\"text-align: left;\">Fachbeirat, Vorstand und Mitgliederversammlung<br \/>\nEin arbeitsreiches Wochenende liegt hinter den Vertretern der Mitgliedsverb\u00e4nde des EVS.\u00a0 In den R\u00e4umen der Akademie f\u00fcr Personenstandswesen in Bad Salzschlirf tagten die verschiedenen Gremien des EVS.<\/p>\n<p style=\"text-align: left;\">Der Fachbeirat besch\u00e4ftigte sich intensiv mit dem EVS-Kongress 2016. Der Kongress findet am 26. und 27. Mai 2016 in Leuven, Belgien statt.<br \/>\nIn der abschlie\u00dfenden Mitgliederversammlung wurde die neue Satzung des EVS beschlossen und die Mitglieder der Programmkommission bestimmt.<\/p>\n<p style=\"text-align: left;\">Weitere Punkte waren der Mitgliedsbeitrag 2016 und die Durchf\u00fchrung der Kongresse 2017 und 2018. Der Kongress 2017 soll in Schottland, der Kongress 2018 in Rum\u00e4nien stattfinden.<\/p>\n<p style=\"text-align: left;\"><a href=\"http:\/\/evs-eu.org\/wp-content\/uploads\/2016\/02\/IMG_1696.jpg\"><img loading=\"lazy\" decoding=\"async\" class=\"alignnone size-medium wp-image-961\" src=\"http:\/\/evs-eu.org\/wp-content\/uploads\/2016\/02\/IMG_1696-300x225.jpg\" alt=\"Mitgliederversammlung am 22. Januar 2016\" width=\"300\" height=\"225\" srcset=\"https:\/\/evs-eu.org\/wp-content\/uploads\/2016\/02\/IMG_1696-300x225.jpg 300w, https:\/\/evs-eu.org\/wp-content\/uploads\/2016\/02\/IMG_1696-1024x768.jpg 1024w\" sizes=\"auto, (max-width: 300px) 100vw, 300px\" \/><\/a><\/p>\n","protected":false},"excerpt":{"rendered":"<p>Fachbeirat, Vorstand und Mitgliederversammlung Ein arbeitsreiches Wochenende liegt hinter den Vertretern der Mitgliedsverb\u00e4nde des EVS.\u00a0 In den R\u00e4umen der Akademie f\u00fcr Personenstandswesen in Bad Salzschlirf tagten die verschiedenen Gremien des EVS. Der Fachbeirat besch\u00e4ftigte sich intensiv mit dem EVS-Kongress 2016. Der Kongress findet am 26. und 27. Mai 2016 in Leuven, Belgien statt. In der [&hellip;]<\/p>\n","protected":false},"author":2,"featured_media":0,"comment_status":"open","ping_status":"open","sticky":false,"template":"","format":"standard","meta":{"_acf_changed":false,"footnotes":""},"categories":[1],"tags":[],"class_list":["post-1009","post","type-post","status-publish","format-standard","hentry","category-allgemein"],"acf":[],"_links":{"self":[{"href":"https:\/\/evs-eu.org\/en\/wp-json\/wp\/v2\/posts\/1009","targetHints":{"allow":["GET"]}}],"collection":[{"href":"https:\/\/evs-eu.org\/en\/wp-json\/wp\/v2\/posts"}],"about":[{"href":"https:\/\/evs-eu.org\/en\/wp-json\/wp\/v2\/types\/post"}],"author":[{"embeddable":true,"href":"https:\/\/evs-eu.org\/en\/wp-json\/wp\/v2\/users\/2"}],"replies":[{"embeddable":true,"href":"https:\/\/evs-eu.org\/en\/wp-json\/wp\/v2\/comments?post=1009"}],"version-history":[{"count":2,"href":"https:\/\/evs-eu.org\/en\/wp-json\/wp\/v2\/posts\/1009\/revisions"}],"predecessor-version":[{"id":1011,"href":"https:\/\/evs-eu.org\/en\/wp-json\/wp\/v2\/posts\/1009\/revisions\/1011"}],"wp:attachment":[{"href":"https:\/\/evs-eu.org\/en\/wp-json\/wp\/v2\/media?parent=1009"}],"wp:term":[{"taxonomy":"category","embeddable":true,"href":"https:\/\/evs-eu.org\/en\/wp-json\/wp\/v2\/categories?post=1009"},{"taxonomy":"post_tag","embeddable":true,"href":"https:\/\/evs-eu.org\/en\/wp-json\/wp\/v2\/tags?post=1009"}],"curies":[{"name":"wp","href":"https:\/\/api.w.org\/{rel}","templated":true}]}}