{"id":1282,"date":"2016-12-23T18:20:06","date_gmt":"2016-12-23T17:20:06","guid":{"rendered":"http:\/\/evs-eu.org\/?p=1282"},"modified":"2016-12-23T18:20:06","modified_gmt":"2016-12-23T17:20:06","slug":"weihnachten-2016","status":"publish","type":"post","link":"https:\/\/evs-eu.org\/en\/weihnachten-2016\/","title":{"rendered":"Weihnachten 2016"},"content":{"rendered":"<p><a href=\"http:\/\/evs-eu.org\/wp-content\/uploads\/2016\/12\/IMG_7564.jpg\"><img loading=\"lazy\" decoding=\"async\" class=\"alignnone size-medium wp-image-1284\" src=\"http:\/\/evs-eu.org\/wp-content\/uploads\/2016\/12\/IMG_7564-300x200.jpg\" alt=\"img_7564\" width=\"300\" height=\"200\" srcset=\"https:\/\/evs-eu.org\/wp-content\/uploads\/2016\/12\/IMG_7564-300x200.jpg 300w, https:\/\/evs-eu.org\/wp-content\/uploads\/2016\/12\/IMG_7564-768x512.jpg 768w, https:\/\/evs-eu.org\/wp-content\/uploads\/2016\/12\/IMG_7564-1024x683.jpg 1024w, https:\/\/evs-eu.org\/wp-content\/uploads\/2016\/12\/IMG_7564-204x136.jpg 204w\" sizes=\"auto, (max-width: 300px) 100vw, 300px\" \/><\/a><\/p>\n<p><strong><em>I wish you all a Merry Christmas and a very happy New Year!<\/em><\/strong><\/p>\n<p><strong><em>Ich w\u00fcnsche Ihnen allen ein frohes Weihnachtsfest und ein gl\u00fcckliches neues Jahr!<\/em><\/strong><\/p>\n<p><strong><em>A tutti voi un Buon Natale e un felice Anno Nuovo auguro!<\/em><\/strong><\/p>\n<p><strong><em>\u017b<\/em><\/strong><strong><em>ycz<\/em><\/strong><strong><em>\u0119<\/em><\/strong><strong><em> wszystkim Weso<\/em><\/strong><strong><em>\u0142<\/em><\/strong><strong><em>ych <\/em><\/strong><strong><em>\u015a<\/em><\/strong><strong><em>wi<\/em><\/strong><strong><em>\u0105<\/em><\/strong><strong><em>t i szcz<\/em><\/strong><strong><em>\u0119\u015b<\/em><\/strong><strong><em>liwego Nowego Roku!<\/em><\/strong><\/p>\n<p><strong><em>Eu v<\/em><\/strong><strong><em>\u0103<\/em><\/strong><strong><em> un Cr<\/em><\/strong><strong><em>\u0103<\/em><\/strong><strong><em>ciun Fericit <\/em><\/strong><strong><em>\u0219<\/em><\/strong><strong><em>i un An Nou fericit doresc!<\/em><\/strong><\/p>\n<p><strong><em>Prajem v\u00e1m v\u0161etk\u00fdm vesel\u00e9 Vianoce a ve<\/em><\/strong><strong><em>\u013e<\/em><\/strong><strong><em>mi \u0160<\/em><\/strong><strong><em>\u0165<\/em><\/strong><strong><em>astn\u00fd Nov\u00fd Rok!<\/em><\/strong><\/p>\n<p><strong><em>\u017d<\/em><\/strong><strong><em>elim vam vse vesel bo<\/em><\/strong><strong><em>\u017e<\/em><\/strong><strong><em>i<\/em><\/strong><strong><em>\u010d<\/em><\/strong><strong><em> in zelo sre<\/em><\/strong><strong><em>\u010d<\/em><\/strong><strong><em>no novo leto <\/em><\/strong><strong><em>\u017e<\/em><\/strong><strong><em>elim!<\/em><\/strong><\/p>\n<p><strong><em>Ik wens u allen een zalig Kerstfeest en een gelukkig Nieuwjaar!<\/em><\/strong><\/p>\n<p><strong><em>Ik wens u allen prettige Kerstdagen en een gelukkig Nieuwjaar!<\/em><\/strong><\/p>\n","protected":false},"excerpt":{"rendered":"<p>I wish you all a Merry Christmas and a very happy New Year! Ich w\u00fcnsche Ihnen allen ein frohes Weihnachtsfest und ein gl\u00fcckliches neues Jahr! A tutti voi un Buon Natale e un felice Anno Nuovo auguro! \u017bycz\u0119 wszystkim Weso\u0142ych \u015awi\u0105t i szcz\u0119\u015bliwego Nowego Roku! Eu v\u0103 un Cr\u0103ciun Fericit \u0219i un An Nou fericit [&hellip;]<\/p>\n","protected":false},"author":2,"featured_media":0,"comment_status":"open","ping_status":"open","sticky":false,"template":"","format":"standard","meta":{"_acf_changed":false,"footnotes":""},"categories":[11],"tags":[],"class_list":["post-1282","post","type-post","status-publish","format-standard","hentry","category-allgemein-2"],"acf":[],"_links":{"self":[{"href":"https:\/\/evs-eu.org\/en\/wp-json\/wp\/v2\/posts\/1282","targetHints":{"allow":["GET"]}}],"collection":[{"href":"https:\/\/evs-eu.org\/en\/wp-json\/wp\/v2\/posts"}],"about":[{"href":"https:\/\/evs-eu.org\/en\/wp-json\/wp\/v2\/types\/post"}],"author":[{"embeddable":true,"href":"https:\/\/evs-eu.org\/en\/wp-json\/wp\/v2\/users\/2"}],"replies":[{"embeddable":true,"href":"https:\/\/evs-eu.org\/en\/wp-json\/wp\/v2\/comments?post=1282"}],"version-history":[{"count":1,"href":"https:\/\/evs-eu.org\/en\/wp-json\/wp\/v2\/posts\/1282\/revisions"}],"predecessor-version":[{"id":1285,"href":"https:\/\/evs-eu.org\/en\/wp-json\/wp\/v2\/posts\/1282\/revisions\/1285"}],"wp:attachment":[{"href":"https:\/\/evs-eu.org\/en\/wp-json\/wp\/v2\/media?parent=1282"}],"wp:term":[{"taxonomy":"category","embeddable":true,"href":"https:\/\/evs-eu.org\/en\/wp-json\/wp\/v2\/categories?post=1282"},{"taxonomy":"post_tag","embeddable":true,"href":"https:\/\/evs-eu.org\/en\/wp-json\/wp\/v2\/tags?post=1282"}],"curies":[{"name":"wp","href":"https:\/\/api.w.org\/{rel}","templated":true}]}}