{"id":1483,"date":"2017-08-01T19:23:43","date_gmt":"2017-08-01T17:23:43","guid":{"rendered":"http:\/\/evs-eu.org\/?p=1483"},"modified":"2017-08-01T19:23:53","modified_gmt":"2017-08-01T17:23:53","slug":"bericht-ueber-den-17-evs-kongress","status":"publish","type":"post","link":"https:\/\/evs-eu.org\/en\/bericht-ueber-den-17-evs-kongress\/","title":{"rendered":"Bericht \u00fcber den 17. EVS Kongress"},"content":{"rendered":"<p>17. Kongress des Europ\u00e4ischen Verbandes der<br \/>\nStandesbeamtinnen und Standesbeamten (EVS)<br \/>\n(7. \u2013 9. Juni 2017, Castel San Pietro Terme, Italien)<br \/>\nDie diesj\u00e4hrige Mitgliederversammlung des EVS wurde \u00fcberschattet vom pl\u00f6tzlichen Tod des Pr\u00e4sidenten J\u00fcrgen Rast im M\u00e4rz 2017. Man kam einvernehmlich \u00fcberein, die Position zun\u00e4chst einmal nicht wieder zu besetzen und die Amtsgesch\u00e4fte durch die beiden Vizepr\u00e4sidenten Simon Rijsdijk (Niederlande)und Paride Gullini (Italien) wahrnehmen zu lassen. Der EVS ist und bleibt handlungsf\u00e4hig und es ist ausreichend Zeit, in Ruhe nach geeigneten Kandidatinnen und Kandidaten Ausschau zu halten.<br \/>\n1. Kongresstag: 8. Juni 2017<br \/>\nSteve Heylen (Belgien) er\u00f6ffnete als Vorsitzender des ersten Tages den Kongress. Zu Beginn dankte er dem italienischen Verband A.N.U.S.C.A. f\u00fcr die Durchf\u00fchrung des Kongresses. Im Mittelpunkt seiner inhaltlichen Einf\u00fchrung stand die Bedeutung der Standesbeamten in einem einigen Europa, in dem die Menschen zunehmend mobil sind und die Grenzen der Mitgliedsstaaten an Bedeutung verlieren. Zur Wahrnehmung der Menschenrechte in der EU ist die Registratur von Personen von zentraler Bedeutung. Er nahm dabei Bezug auf Millionen<br \/>\n\u201eunsichtbarer\u201c Kinder weltweit, denen mangels Registrierung der Zugang zu \u00f6ffentlichem Leben verwehrt ist.<br \/>\nDie Arbeit in den Standes\u00e4mtern legt die Basis und ist Voraussetzung f\u00fcr die Teilhabe an einer demokratischen Gesellschaft.<br \/>\nIn dieser Hinsicht tragen Standes\u00e4mter eine gro\u00dfe Verantwortung f\u00fcr das Leben der Menschen, was von vielen Menschen untersch\u00e4tzt wird.<br \/>\nDer EVS ist gefordert, zum Wohle der B\u00fcrgerinnen und B\u00fcrger dieHarmonisierung von Personenstandsrecht und Familienrecht innerhalb<br \/>\nder EU weiter voran zu treiben. Dabei r\u00fccken zunehmend auch Fragen der inneren Sicherheit und auch der Digitalisierung<br \/>\nvon Personendaten in den Mittelpunkt.<\/p>\n<p>weiterlesen <a href=\"http:\/\/evs-eu.org\/wp-content\/uploads\/2017\/08\/Bericht_Castel_San_Pietro_Terme_EVS_Entwurf_Bilder_a_2-1.pdf\">Bericht_Castel_San_Pietro_Terme_EVS_Entwurf_Bilder_a_2<\/a><\/p>\n","protected":false},"excerpt":{"rendered":"<p>17. Kongress des Europ\u00e4ischen Verbandes der Standesbeamtinnen und Standesbeamten (EVS) (7. \u2013 9. Juni 2017, Castel San Pietro Terme, Italien) Die diesj\u00e4hrige Mitgliederversammlung des EVS wurde \u00fcberschattet vom pl\u00f6tzlichen Tod des Pr\u00e4sidenten J\u00fcrgen Rast im M\u00e4rz 2017. Man kam einvernehmlich \u00fcberein, die Position zun\u00e4chst einmal nicht wieder zu besetzen und die Amtsgesch\u00e4fte durch die beiden [&hellip;]<\/p>\n","protected":false},"author":2,"featured_media":0,"comment_status":"open","ping_status":"open","sticky":false,"template":"","format":"standard","meta":{"_acf_changed":false,"footnotes":""},"categories":[11],"tags":[],"class_list":["post-1483","post","type-post","status-publish","format-standard","hentry","category-allgemein-2"],"acf":[],"_links":{"self":[{"href":"https:\/\/evs-eu.org\/en\/wp-json\/wp\/v2\/posts\/1483","targetHints":{"allow":["GET"]}}],"collection":[{"href":"https:\/\/evs-eu.org\/en\/wp-json\/wp\/v2\/posts"}],"about":[{"href":"https:\/\/evs-eu.org\/en\/wp-json\/wp\/v2\/types\/post"}],"author":[{"embeddable":true,"href":"https:\/\/evs-eu.org\/en\/wp-json\/wp\/v2\/users\/2"}],"replies":[{"embeddable":true,"href":"https:\/\/evs-eu.org\/en\/wp-json\/wp\/v2\/comments?post=1483"}],"version-history":[{"count":1,"href":"https:\/\/evs-eu.org\/en\/wp-json\/wp\/v2\/posts\/1483\/revisions"}],"predecessor-version":[{"id":1484,"href":"https:\/\/evs-eu.org\/en\/wp-json\/wp\/v2\/posts\/1483\/revisions\/1484"}],"wp:attachment":[{"href":"https:\/\/evs-eu.org\/en\/wp-json\/wp\/v2\/media?parent=1483"}],"wp:term":[{"taxonomy":"category","embeddable":true,"href":"https:\/\/evs-eu.org\/en\/wp-json\/wp\/v2\/categories?post=1483"},{"taxonomy":"post_tag","embeddable":true,"href":"https:\/\/evs-eu.org\/en\/wp-json\/wp\/v2\/tags?post=1483"}],"curies":[{"name":"wp","href":"https:\/\/api.w.org\/{rel}","templated":true}]}}