{"id":1489,"date":"2017-09-17T14:40:11","date_gmt":"2017-09-17T12:40:11","guid":{"rendered":"http:\/\/evs-eu.org\/?p=1489"},"modified":"2017-09-17T15:38:43","modified_gmt":"2017-09-17T13:38:43","slug":"1489","status":"publish","type":"post","link":"https:\/\/evs-eu.org\/en\/1489\/","title":{"rendered":""},"content":{"rendered":"<p>Estland neues Mitglied<\/p>\n<p>An diesem Wochenende wurde in der Mitgliederversammlung der Beitritt des estnischen Verbandes der Standesbeamtinnen und Standesbeamten zum Europ\u00e4ischen Verband beschlossen. Einstimmig votierten die anwesenden Mitglieder f\u00fcr den Beitritt.<\/p>\n<p><a href=\"http:\/\/evs-eu.org\/wp-content\/uploads\/2017\/09\/IMG_1278.jpg\"><img loading=\"lazy\" decoding=\"async\" class=\"alignnone size-medium wp-image-1490\" src=\"http:\/\/evs-eu.org\/wp-content\/uploads\/2017\/09\/IMG_1278-300x225.jpg\" alt=\"\" width=\"300\" height=\"225\" srcset=\"https:\/\/evs-eu.org\/wp-content\/uploads\/2017\/09\/IMG_1278-300x225.jpg 300w, https:\/\/evs-eu.org\/wp-content\/uploads\/2017\/09\/IMG_1278-768x576.jpg 768w, https:\/\/evs-eu.org\/wp-content\/uploads\/2017\/09\/IMG_1278-1024x768.jpg 1024w\" sizes=\"auto, (max-width: 300px) 100vw, 300px\" \/><\/a><\/p>\n<p>Die beiden Vizepr\u00e4sidenten Simon Rijsdijk<br \/>\nund Paride Gullini mit den Kolleginnen aus Estland<\/p>\n<p>&nbsp;<\/p>\n<p>&nbsp;<\/p>\n","protected":false},"excerpt":{"rendered":"<p>Estland neues Mitglied An diesem Wochenende wurde in der Mitgliederversammlung der Beitritt des estnischen Verbandes der Standesbeamtinnen und Standesbeamten zum Europ\u00e4ischen Verband beschlossen. Einstimmig votierten die anwesenden Mitglieder f\u00fcr den Beitritt. Die beiden Vizepr\u00e4sidenten Simon Rijsdijk und Paride Gullini mit den Kolleginnen aus Estland &nbsp; &nbsp;<\/p>\n","protected":false},"author":2,"featured_media":0,"comment_status":"open","ping_status":"open","sticky":false,"template":"","format":"standard","meta":{"_acf_changed":false,"footnotes":""},"categories":[11],"tags":[],"class_list":["post-1489","post","type-post","status-publish","format-standard","hentry","category-allgemein-2"],"acf":[],"_links":{"self":[{"href":"https:\/\/evs-eu.org\/en\/wp-json\/wp\/v2\/posts\/1489","targetHints":{"allow":["GET"]}}],"collection":[{"href":"https:\/\/evs-eu.org\/en\/wp-json\/wp\/v2\/posts"}],"about":[{"href":"https:\/\/evs-eu.org\/en\/wp-json\/wp\/v2\/types\/post"}],"author":[{"embeddable":true,"href":"https:\/\/evs-eu.org\/en\/wp-json\/wp\/v2\/users\/2"}],"replies":[{"embeddable":true,"href":"https:\/\/evs-eu.org\/en\/wp-json\/wp\/v2\/comments?post=1489"}],"version-history":[{"count":4,"href":"https:\/\/evs-eu.org\/en\/wp-json\/wp\/v2\/posts\/1489\/revisions"}],"predecessor-version":[{"id":1503,"href":"https:\/\/evs-eu.org\/en\/wp-json\/wp\/v2\/posts\/1489\/revisions\/1503"}],"wp:attachment":[{"href":"https:\/\/evs-eu.org\/en\/wp-json\/wp\/v2\/media?parent=1489"}],"wp:term":[{"taxonomy":"category","embeddable":true,"href":"https:\/\/evs-eu.org\/en\/wp-json\/wp\/v2\/categories?post=1489"},{"taxonomy":"post_tag","embeddable":true,"href":"https:\/\/evs-eu.org\/en\/wp-json\/wp\/v2\/tags?post=1489"}],"curies":[{"name":"wp","href":"https:\/\/api.w.org\/{rel}","templated":true}]}}