{"id":1673,"date":"2018-09-30T09:47:22","date_gmt":"2018-09-30T07:47:22","guid":{"rendered":"http:\/\/evs-eu.org\/?p=1673"},"modified":"2018-09-30T09:49:54","modified_gmt":"2018-09-30T07:49:54","slug":"ein-europaeisches-wochenende-evs-generalversammlung-in-castel-san-pietro-terme","status":"publish","type":"post","link":"https:\/\/evs-eu.org\/en\/ein-europaeisches-wochenende-evs-generalversammlung-in-castel-san-pietro-terme\/","title":{"rendered":"Ein europ\u00e4isches Wochenende: EVS-Generalversammlung In Castel San Pietro Terme"},"content":{"rendered":"<p>Am Freitag, den 21. und Samstag, den 22. September 2018 fand in der Akademie der Standesbeamten in Castel San Pietro Terme (BO) die EVS Generalversammlung statt.<\/p>\n<p>Zu gleichen Zeit hat auch der Fachbeirat (zusammengesetzt aus Experten aus Belgien, den Niederlanden, Italien, Rum\u00e4nien, Schottland, Deutschland und Polen) getagt und \u00fcber die Themen diskutiert und beratschlagt, die auf dem EVS Kongress 2019 behandelt werden sollen.<\/p>\n<p>Am Samstagmorgen, vor Beginn der Generalversammlung, fand die Sitzung des Vorstands in Anwesenheit des EVS-Pr\u00e4sidenten, Simon Rijsdijk (Niederlande), der beiden Vizepr\u00e4sidenten Paride Gullini (Italien) und Steve Heylen (Belgien) und des EVS-Generalsekret\u00e4rs Gerhard Bangert (Deutschland) und Franco Stacul (Vorg\u00e4nger des Deutschen Generalsekret\u00e4rs und Mitglied des ANUSCA Vorstandes) statt.<\/p>\n<p>Die Mitgliederversammlung war der H\u00f6hepunkt der zwei Tage in Castel San Pietro Terme. An der Generalversammlung nahmen Vertreter der EVS-Mitgliedsl\u00e4nder Estland, Polen, Rum\u00e4nien, Belgien, Deutschland, Niederlande, Schottland und Italien teil. Die Vertreter von Slowenien und der Slowakei waren begr\u00fcndet entschuldigt.<\/p>\n<p>Nach der Begr\u00fc\u00dfung bedankte sich EVS-Pr\u00e4sident Rijsdijk, bei ANUSCA, dass sie die Einladung zur Ausrichtung der Generalversammlung und der Versammlung des Fachbeirates angenommen haben. Er erl\u00e4uterte die Aktivit\u00e4ten im Jahr 2018 und konzentrierte sich insbesondere auf den 18. Kongress, der vom 6. bis 9. Juni in Rum\u00e4nien in der Stadt Iasi stattfand und bei allen Teilnehmern einstimmige Zustimmung fand. Er dankte der rum\u00e4nischen Pr\u00e4sidentin, Renata Marin, f\u00fcr die perfekte Organisation des Kongresses, der den Teilnehmern eine wichtige Realit\u00e4t Rum\u00e4niens n\u00e4her gebracht hat.<\/p>\n<p>Die Versammlung hat nach der Genehmigung der Mitgliedsbeitr\u00e4ge 2019, die Organisation des 19. Kongresses, der vom 4. bis 7. Juni 2019 in der polnischen Stadt Szczecin stattfinden wird, begutachtet und wird vom polnischen Verband durchgef\u00fchrt. Die Mitglieder der polnischen Delegation &#8211; Karol Lipinski, Bogusia und Agnieszka Mielcarek &#8211; besch\u00e4ftigten sich mit den schwierigsten Aspekten der Organisation und es folgte eine Diskussion, in der alle Anwesenden ihre Meinung \u00e4u\u00dferten. Es wurde auch beschlossen, dass sich der EVS an den Vorschlag der Universit\u00e4t von Verona eines Projekts zur Erforschung der europ\u00e4ischen Zivilstandswesens und zur Verbreitung von Rechtsakten anh\u00e4ngt. Auch der Vorschlag \u00fcber die Organisation eines Internationalen Kongresses \u00fcber den Zivilstand und die besondere berufliche Rolle der Beamten im Jahr 2020 in Br\u00fcssel wurde geteilt.<\/p>\n<p>Abschlie\u00dfend ein Hinweis f\u00fcr die n\u00e4chste Zukunft, die teilnehmenden Mitglieder, nahmen die Angebote der Slowakei und Sloweniens als Gastgeber des EVS-Kongresses 2020 zur Kenntnis und es wurde beschlossen, die Organisation der Veranstaltung an die Slowakei zu vergeben.<\/p>\n<p>Am Ende nahmen die Delegierten an einem Besuch in der Terme von Castel San Pietro teil, um die neue Abteilung der Inhalation zu sehen, wo der medizinische Direktor, Prof. Attilio Menconi Orsini, die Eigenschaften der Schwefelb\u00e4der und der salsobromodischen Gew\u00e4sser erl\u00e4uterte. Dazu geh\u00f6ren auch Schl\u00e4mme und rehabilitative B\u00e4der.<\/p>\n<div id=\"attachment_1674\" style=\"width: 160px\" class=\"wp-caption alignnone\"><a href=\"http:\/\/evs-eu.org\/wp-content\/uploads\/2018\/09\/STACUL-7-1.jpeg\"><img loading=\"lazy\" decoding=\"async\" aria-describedby=\"caption-attachment-1674\" class=\"wp-image-1674 size-thumbnail\" src=\"http:\/\/evs-eu.org\/wp-content\/uploads\/2018\/09\/STACUL-7-1-150x150.jpeg\" alt=\"\" width=\"150\" height=\"150\" \/><\/a><p id=\"caption-attachment-1674\" class=\"wp-caption-text\">Die Teilnehmer besuchten die Terme in Castel San Pietro<\/p><\/div>\n","protected":false},"excerpt":{"rendered":"<p>Am Freitag, den 21. und Samstag, den 22. September 2018 fand in der Akademie der Standesbeamten in Castel San Pietro Terme (BO) die EVS Generalversammlung statt. Zu gleichen Zeit hat auch der Fachbeirat (zusammengesetzt aus Experten aus Belgien, den Niederlanden, Italien, Rum\u00e4nien, Schottland, Deutschland und Polen) getagt und \u00fcber die Themen diskutiert und beratschlagt, die [&hellip;]<\/p>\n","protected":false},"author":2,"featured_media":1674,"comment_status":"open","ping_status":"open","sticky":false,"template":"","format":"standard","meta":{"_acf_changed":false,"footnotes":""},"categories":[11],"tags":[],"class_list":["post-1673","post","type-post","status-publish","format-standard","has-post-thumbnail","hentry","category-allgemein-2"],"acf":[],"_links":{"self":[{"href":"https:\/\/evs-eu.org\/en\/wp-json\/wp\/v2\/posts\/1673","targetHints":{"allow":["GET"]}}],"collection":[{"href":"https:\/\/evs-eu.org\/en\/wp-json\/wp\/v2\/posts"}],"about":[{"href":"https:\/\/evs-eu.org\/en\/wp-json\/wp\/v2\/types\/post"}],"author":[{"embeddable":true,"href":"https:\/\/evs-eu.org\/en\/wp-json\/wp\/v2\/users\/2"}],"replies":[{"embeddable":true,"href":"https:\/\/evs-eu.org\/en\/wp-json\/wp\/v2\/comments?post=1673"}],"version-history":[{"count":2,"href":"https:\/\/evs-eu.org\/en\/wp-json\/wp\/v2\/posts\/1673\/revisions"}],"predecessor-version":[{"id":1676,"href":"https:\/\/evs-eu.org\/en\/wp-json\/wp\/v2\/posts\/1673\/revisions\/1676"}],"wp:featuredmedia":[{"embeddable":true,"href":"https:\/\/evs-eu.org\/en\/wp-json\/wp\/v2\/media\/1674"}],"wp:attachment":[{"href":"https:\/\/evs-eu.org\/en\/wp-json\/wp\/v2\/media?parent=1673"}],"wp:term":[{"taxonomy":"category","embeddable":true,"href":"https:\/\/evs-eu.org\/en\/wp-json\/wp\/v2\/categories?post=1673"},{"taxonomy":"post_tag","embeddable":true,"href":"https:\/\/evs-eu.org\/en\/wp-json\/wp\/v2\/tags?post=1673"}],"curies":[{"name":"wp","href":"https:\/\/api.w.org\/{rel}","templated":true}]}}