{"id":2879,"date":"2026-08-30T16:24:35","date_gmt":"2026-08-30T14:24:35","guid":{"rendered":"https:\/\/evs-eu.org\/?p=2879"},"modified":"2026-08-30T16:32:43","modified_gmt":"2026-08-30T14:32:43","slug":"nachruf-auf-wolfgang-teschner","status":"publish","type":"post","link":"https:\/\/evs-eu.org\/en\/nachruf-auf-wolfgang-teschner\/","title":{"rendered":"Nachruf auf Wolfgang Teschner"},"content":{"rendered":"\n<p>Mit gro\u00dfer Trauer haben wir vom Tod Wolfgang Teschners erfahren.<\/p>\n\n\n\n<p>Wolfgang Teschner war eine Schl\u00fcsselfigur in der Geschichte der Europ\u00e4ischen Vereinigung der Standesbeamten (EVS), insbesondere in ihrer Gr\u00fcndungs- und Anfangszeit. Im Jahr 2000 geh\u00f6rte er zu denjenigen, die gemeinsam die Gr\u00fcndungsurkunde der EVS unterzeichneten. Sein Einsatz f\u00fcr die Vernetzung der Standesbeamtinnen und Standesbeamten in Europa hat die Arbeit unserer Vereinigung nachhaltig gepr\u00e4gt.<\/p>\n\n\n\n<p>Als ausgewiesener Experte f\u00fcr internationales Personen- und Familienrecht wirkte er weit \u00fcber die Grenzen seines beruflichen Umfelds hinaus. In den ersten Jahren nach der Gr\u00fcndung der EVS war er als fachlicher Br\u00fcckenbauer ein gesch\u00e4tzter Gespr\u00e4chspartner, unter anderem bei Sitzungen des Fachbeirats.<\/p>\n\n\n\n<p>Viele, die ihm begegneten, werden ihn als liebensw\u00fcrdigen, humorvollen und respektvollen Menschen in Erinnerung behalten. Wolfgang Teschner verband die Werte der Vergangenheit mit Offenheit f\u00fcr die Moderne. Seine Pers\u00f6nlichkeit, seine Fachlichkeit und seine menschliche Haltung verdienen unser bleibendes Gedenken.<\/p>\n\n\n\n<p>Mit Wolfgang Teschner verlieren wir einen engagierten Wegbereiter und gesch\u00e4tzten Kollegen. Unser tiefes Mitgef\u00fchl gilt seiner Familie, seinen Freunden und allen, die ihm verbunden waren.<\/p>\n\n\n\n<p>Der Europ\u00e4ische Verband der Standesbeamtinnen und Standesbeamten e.V. wird ihm ein ehrendes Andenken bewahren.<\/p>\n","protected":false},"excerpt":{"rendered":"<p>Mit gro\u00dfer Trauer haben wir vom Tod Wolfgang Teschners erfahren. Wolfgang Teschner war eine Schl\u00fcsselfigur in der Geschichte der Europ\u00e4ischen Vereinigung der Standesbeamten (EVS), insbesondere in ihrer Gr\u00fcndungs- und Anfangszeit. Im Jahr 2000 geh\u00f6rte er zu denjenigen, die gemeinsam die Gr\u00fcndungsurkunde der EVS unterzeichneten. Sein Einsatz f\u00fcr die Vernetzung der Standesbeamtinnen und Standesbeamten in Europa [&hellip;]<\/p>\n","protected":false},"author":2,"featured_media":0,"comment_status":"open","ping_status":"open","sticky":false,"template":"","format":"standard","meta":{"_acf_changed":false,"footnotes":""},"categories":[1],"tags":[],"class_list":["post-2879","post","type-post","status-publish","format-standard","hentry","category-allgemein"],"acf":[],"_links":{"self":[{"href":"https:\/\/evs-eu.org\/en\/wp-json\/wp\/v2\/posts\/2879","targetHints":{"allow":["GET"]}}],"collection":[{"href":"https:\/\/evs-eu.org\/en\/wp-json\/wp\/v2\/posts"}],"about":[{"href":"https:\/\/evs-eu.org\/en\/wp-json\/wp\/v2\/types\/post"}],"author":[{"embeddable":true,"href":"https:\/\/evs-eu.org\/en\/wp-json\/wp\/v2\/users\/2"}],"replies":[{"embeddable":true,"href":"https:\/\/evs-eu.org\/en\/wp-json\/wp\/v2\/comments?post=2879"}],"version-history":[{"count":1,"href":"https:\/\/evs-eu.org\/en\/wp-json\/wp\/v2\/posts\/2879\/revisions"}],"predecessor-version":[{"id":2880,"href":"https:\/\/evs-eu.org\/en\/wp-json\/wp\/v2\/posts\/2879\/revisions\/2880"}],"wp:attachment":[{"href":"https:\/\/evs-eu.org\/en\/wp-json\/wp\/v2\/media?parent=2879"}],"wp:term":[{"taxonomy":"category","embeddable":true,"href":"https:\/\/evs-eu.org\/en\/wp-json\/wp\/v2\/categories?post=2879"},{"taxonomy":"post_tag","embeddable":true,"href":"https:\/\/evs-eu.org\/en\/wp-json\/wp\/v2\/tags?post=2879"}],"curies":[{"name":"wp","href":"https:\/\/api.w.org\/{rel}","templated":true}]}}